{"id":11848,"date":"2021-06-01T18:25:57","date_gmt":"2021-06-01T16:25:57","guid":{"rendered":"http:\/\/teatrgotowania.pl\/?p=11848"},"modified":"2021-06-01T18:27:01","modified_gmt":"2021-06-01T16:27:01","slug":"flammkuchen-ze-szparagami-i-ziolowym-vinegrettem","status":"publish","type":"post","link":"https:\/\/teatrgotowania.pl\/?p=11848","title":{"rendered":"Flammkuchen ze szparagami i zio\u0142owym vinegrettem"},"content":{"rendered":"\n<p class=\"has-text-align-center\">Zastanawia\u0142am si\u0119 czy przet\u0142umaczy\u0107 &#8222;flammkuchen&#8221;. Naj\u0142atwiej powiedzie\u0107 tarta, ale tak naprawd\u0119 dla mnie to cienki placek, co\u015b jak pizza z r\u00f3\u017cnymi sk\u0142adnikami na wierzchu. W oryginale jest to ciasto chlebowe z cebul\u0105, skwarkami i \u015bmietan\u0105. Ja natomiast dzisiaj chcia\u0142abym zaproponowa\u0107 placek ze szparagami. Jad\u0142am go cztery tygodnie temu na zaj\u0119ciach z gotowania i by\u0142 przepyszny!<\/p>\n\n\n\n<figure class=\"wp-block-image size-large\"><a href=\"http:\/\/teatrgotowania.pl\/wp-content\/uploads\/2021\/06\/IMG_1823-1-scaled.jpg\"><img fetchpriority=\"high\" decoding=\"async\" width=\"1024\" height=\"683\" src=\"http:\/\/teatrgotowania.pl\/wp-content\/uploads\/2021\/06\/IMG_1823-1-1024x683.jpg\" alt=\"\" class=\"wp-image-14986\" srcset=\"https:\/\/teatrgotowania.pl\/wp-content\/uploads\/2021\/06\/IMG_1823-1-1024x683.jpg 1024w, https:\/\/teatrgotowania.pl\/wp-content\/uploads\/2021\/06\/IMG_1823-1-300x200.jpg 300w, https:\/\/teatrgotowania.pl\/wp-content\/uploads\/2021\/06\/IMG_1823-1-768x512.jpg 768w, https:\/\/teatrgotowania.pl\/wp-content\/uploads\/2021\/06\/IMG_1823-1-600x400.jpg 600w, https:\/\/teatrgotowania.pl\/wp-content\/uploads\/2021\/06\/IMG_1823-1-1536x1024.jpg 1536w, https:\/\/teatrgotowania.pl\/wp-content\/uploads\/2021\/06\/IMG_1823-1-2048x1365.jpg 2048w\" sizes=\"(max-width: 1024px) 100vw, 1024px\" \/><\/a><\/figure>\n\n\n\n<p>Przepis na flammkuchen pochodzi ze strony Betty Bossie, a odmiana ze szparagami ze strony Fooby. Obie strony nale\u017c\u0105 do jednej z marek tutejszych sklep\u00f3w spo\u017cywczych.<\/p>\n\n\n\n<div class=\"wp-block-media-text alignwide is-stacked-on-mobile\"><figure class=\"wp-block-media-text__media\"><img decoding=\"async\" width=\"683\" height=\"1024\" src=\"http:\/\/teatrgotowania.pl\/wp-content\/uploads\/2021\/06\/IMG_1825-1-2-683x1024.jpg\" alt=\"\" class=\"wp-image-14989 size-full\" srcset=\"https:\/\/teatrgotowania.pl\/wp-content\/uploads\/2021\/06\/IMG_1825-1-2-683x1024.jpg 683w, https:\/\/teatrgotowania.pl\/wp-content\/uploads\/2021\/06\/IMG_1825-1-2-200x300.jpg 200w, https:\/\/teatrgotowania.pl\/wp-content\/uploads\/2021\/06\/IMG_1825-1-2-768x1152.jpg 768w, https:\/\/teatrgotowania.pl\/wp-content\/uploads\/2021\/06\/IMG_1825-1-2-600x900.jpg 600w, https:\/\/teatrgotowania.pl\/wp-content\/uploads\/2021\/06\/IMG_1825-1-2-1024x1536.jpg 1024w, https:\/\/teatrgotowania.pl\/wp-content\/uploads\/2021\/06\/IMG_1825-1-2-1365x2048.jpg 1365w, https:\/\/teatrgotowania.pl\/wp-content\/uploads\/2021\/06\/IMG_1825-1-2-scaled.jpg 1707w\" sizes=\"(max-width: 683px) 100vw, 683px\" \/><\/figure><div class=\"wp-block-media-text__content\">\n<p class=\"has-text-align-center\"><strong>Flammkuchen ze szparagami i zio\u0142owym vinegretem<\/strong><\/p>\n\n\n\n<p class=\"has-text-align-center\">przepis na oko\u0142o 4 osoby<\/p>\n\n\n\n<p class=\"has-text-align-center\">400g m\u0105ki<\/p>\n\n\n\n<p class=\"has-text-align-center\">1 \u0142y\u017ceczka soli<\/p>\n\n\n\n<p class=\"has-text-align-center\">1\/2 \u0142y\u017ceczki cukru<\/p>\n\n\n\n<p class=\"has-text-align-center\">1 opakowanie suchych dro\u017cd\u017cy<\/p>\n\n\n\n<p class=\"has-text-align-center\">200-300ml ciep\u0142ej wody<\/p>\n\n\n\n<p class=\"has-text-align-center\">W misce wymieszaj suche sk\u0142adniki. Dodaj ciep\u0142\u0105 wod\u0119 i ugniataj ciasto, a\u017c b\u0119dzie g\u0142adkie i mi\u0119kkie. Przykryj i odstaw do podwojenia obj\u0119to\u015bci, oko\u0142o 1 godziny w temperaturze pokojowej. Po tym czasie rozwa\u0142kuj ciasto na cienki placek o grubo\u015bci oko\u0142o 3mm. Je\u015bli ciasto si\u0119 lepi podsyp troch\u0119 m\u0105k\u0105. Prze\u0142\u00f3\u017c placek na blach\u0119 wy\u0142o\u017con\u0105 papierem do pieczenia. Z  takiej ilo\u015bci ciasta powinna by\u0107 jedna du\u017ca blacha z piekarnika. <\/p>\n<\/div><\/div>\n\n\n\n<div class=\"wp-block-media-text alignwide is-stacked-on-mobile\"><figure class=\"wp-block-media-text__media\"><img decoding=\"async\" width=\"683\" height=\"1024\" src=\"http:\/\/teatrgotowania.pl\/wp-content\/uploads\/2021\/06\/IMG_1829-683x1024.jpg\" alt=\"\" class=\"wp-image-14990 size-full\" srcset=\"https:\/\/teatrgotowania.pl\/wp-content\/uploads\/2021\/06\/IMG_1829-683x1024.jpg 683w, https:\/\/teatrgotowania.pl\/wp-content\/uploads\/2021\/06\/IMG_1829-200x300.jpg 200w, https:\/\/teatrgotowania.pl\/wp-content\/uploads\/2021\/06\/IMG_1829-768x1152.jpg 768w, https:\/\/teatrgotowania.pl\/wp-content\/uploads\/2021\/06\/IMG_1829-600x900.jpg 600w, https:\/\/teatrgotowania.pl\/wp-content\/uploads\/2021\/06\/IMG_1829-1024x1536.jpg 1024w, https:\/\/teatrgotowania.pl\/wp-content\/uploads\/2021\/06\/IMG_1829-1365x2048.jpg 1365w, https:\/\/teatrgotowania.pl\/wp-content\/uploads\/2021\/06\/IMG_1829-scaled.jpg 1707w\" sizes=\"(max-width: 683px) 100vw, 683px\" \/><\/figure><div class=\"wp-block-media-text__content\">\n<p class=\"has-text-align-center\">200g kwa\u015bnej \u015bmietany<\/p>\n\n\n\n<p class=\"has-text-align-center\">2 \u0142y\u017cki musztardy (ja lubi\u0119 dijon)<\/p>\n\n\n\n<p class=\"has-text-align-center\">1 \u0142y\u017cka miodu<\/p>\n\n\n\n<p class=\"has-text-align-center\">1\/4 \u0142y\u017ceczki soli<\/p>\n\n\n\n<p class=\"has-text-align-center\">szczypta pieprzu<\/p>\n\n\n\n<p class=\"has-text-align-center\">500g bia\u0142ych szparag\u00f3w lub zielonych (obranych i przeci\u0119tych wzd\u0142u\u017c) <\/p>\n\n\n\n<p class=\"has-text-align-center\">2 \u0142y\u017cki oliwy<\/p>\n\n\n\n<p class=\"has-text-align-center\">Z podanych sk\u0142adnik\u00f3w (poza szparagami i oliw\u0105) przygotowa\u0107 sos i na\u0142o\u017cy\u0107 go na ciasto. Szparagi dobrze natrze\u0107 oliw\u0105 i r\u00f3wnie\u017c roz\u0142o\u017cy\u0107 na cie\u015bcie. Piec w nagrzanym piekarniku do 240 stopni przez oko\u0142o 20 minut. <\/p>\n<\/div><\/div>\n\n\n\n<div class=\"wp-block-media-text alignwide is-stacked-on-mobile\"><figure class=\"wp-block-media-text__media\"><img loading=\"lazy\" decoding=\"async\" width=\"683\" height=\"1024\" src=\"http:\/\/teatrgotowania.pl\/wp-content\/uploads\/2021\/06\/IMG_1832-683x1024.jpg\" alt=\"\" class=\"wp-image-14991 size-full\" srcset=\"https:\/\/teatrgotowania.pl\/wp-content\/uploads\/2021\/06\/IMG_1832-683x1024.jpg 683w, https:\/\/teatrgotowania.pl\/wp-content\/uploads\/2021\/06\/IMG_1832-200x300.jpg 200w, https:\/\/teatrgotowania.pl\/wp-content\/uploads\/2021\/06\/IMG_1832-768x1152.jpg 768w, https:\/\/teatrgotowania.pl\/wp-content\/uploads\/2021\/06\/IMG_1832-600x900.jpg 600w, https:\/\/teatrgotowania.pl\/wp-content\/uploads\/2021\/06\/IMG_1832-1024x1536.jpg 1024w, https:\/\/teatrgotowania.pl\/wp-content\/uploads\/2021\/06\/IMG_1832-1365x2048.jpg 1365w, https:\/\/teatrgotowania.pl\/wp-content\/uploads\/2021\/06\/IMG_1832-scaled.jpg 1707w\" sizes=\"(max-width: 683px) 100vw, 683px\" \/><\/figure><div class=\"wp-block-media-text__content\">\n<p class=\"has-text-align-center\">Sos vinegrette<\/p>\n\n\n\n<p class=\"has-text-align-center\">3 \u0142y\u017cki octu z bia\u0142ego wina (mo\u017ce by\u0107 inny &#8211; tutaj np. jest te\u017c zio\u0142owy)<\/p>\n\n\n\n<p class=\"has-text-align-center\">1 \u0142y\u017cka musztardy francuskiej<\/p>\n\n\n\n<p class=\"has-text-align-center\">2 \u0142y\u017cki oliwy<\/p>\n\n\n\n<p class=\"has-text-align-center\">1\/2 \u0142y\u017cki miodu<\/p>\n\n\n\n<p class=\"has-text-align-center\">s\u00f3l i pieprz do smaku<\/p>\n\n\n\n<p class=\"has-text-align-center\">dymka &#8211; bia\u0142a i zielona cz\u0119\u015b\u0107 drobno pokrojona<\/p>\n\n\n\n<p class=\"has-text-align-center\">p\u0119czek ulubionych zi\u00f3\u0142<\/p>\n\n\n\n<p class=\"has-text-align-center\">Z podanych sk\u0142adnik\u00f3w przygotowa\u0107 sos vinegrette. Pola\u0107 nim upieczony flammkuchen i delektowa\u0107 si\u0119. <\/p>\n<\/div><\/div>\n","protected":false},"excerpt":{"rendered":"<p>Zastanawia\u0142am si\u0119 czy przet\u0142umaczy\u0107 &#8222;flammkuchen&#8221;. Naj\u0142atwiej powiedzie\u0107 tarta, ale tak naprawd\u0119 dla mnie to cienki placek, co\u015b jak pizza z r\u00f3\u017cnymi sk\u0142adnikami na wierzchu. W oryginale jest to ciasto chlebowe z cebul\u0105, skwarkami i \u015bmietan\u0105. Ja natomiast dzisiaj chcia\u0142abym zaproponowa\u0107 placek ze szparagami. Jad\u0142am go cztery tygodnie temu na zaj\u0119ciach [&hellip;]<\/p>\n","protected":false},"author":1,"featured_media":14986,"comment_status":"open","ping_status":"closed","sticky":false,"template":"","format":"standard","meta":{"footnotes":"","_elementor_edit_mode":"","_elementor_template_type":"","_elementor_data":"","_elementor_page_settings":null},"categories":[3],"tags":[79,192,107,108],"class_list":["post-11848","post","type-post","status-publish","format-standard","has-post-thumbnail","hentry","category-przepisy","tag-danie-glowne","tag-flammkuchen","tag-kuchnia-wiosenna","tag-szparagi"],"_links":{"self":[{"href":"https:\/\/teatrgotowania.pl\/index.php?rest_route=\/wp\/v2\/posts\/11848","targetHints":{"allow":["GET"]}}],"collection":[{"href":"https:\/\/teatrgotowania.pl\/index.php?rest_route=\/wp\/v2\/posts"}],"about":[{"href":"https:\/\/teatrgotowania.pl\/index.php?rest_route=\/wp\/v2\/types\/post"}],"author":[{"embeddable":true,"href":"https:\/\/teatrgotowania.pl\/index.php?rest_route=\/wp\/v2\/users\/1"}],"replies":[{"embeddable":true,"href":"https:\/\/teatrgotowania.pl\/index.php?rest_route=%2Fwp%2Fv2%2Fcomments&post=11848"}],"version-history":[{"count":4,"href":"https:\/\/teatrgotowania.pl\/index.php?rest_route=\/wp\/v2\/posts\/11848\/revisions"}],"predecessor-version":[{"id":14994,"href":"https:\/\/teatrgotowania.pl\/index.php?rest_route=\/wp\/v2\/posts\/11848\/revisions\/14994"}],"wp:featuredmedia":[{"embeddable":true,"href":"https:\/\/teatrgotowania.pl\/index.php?rest_route=\/wp\/v2\/media\/14986"}],"wp:attachment":[{"href":"https:\/\/teatrgotowania.pl\/index.php?rest_route=%2Fwp%2Fv2%2Fmedia&parent=11848"}],"wp:term":[{"taxonomy":"category","embeddable":true,"href":"https:\/\/teatrgotowania.pl\/index.php?rest_route=%2Fwp%2Fv2%2Fcategories&post=11848"},{"taxonomy":"post_tag","embeddable":true,"href":"https:\/\/teatrgotowania.pl\/index.php?rest_route=%2Fwp%2Fv2%2Ftags&post=11848"}],"curies":[{"name":"wp","href":"https:\/\/api.w.org\/{rel}","templated":true}]}}