{"id":1216,"date":"2012-05-30T08:48:29","date_gmt":"2012-05-30T06:48:29","guid":{"rendered":"http:\/\/teatrgotowania.xaa.pl\/?p=1216"},"modified":"2016-11-18T08:53:54","modified_gmt":"2016-11-18T07:53:54","slug":"hiszpanska-salatka-z-jamon-serrano-i-roladki-z-koziego-sera-z-sezamem-prazonym-na-masle","status":"publish","type":"post","link":"http:\/\/teatrgotowania.pl\/?p=1216","title":{"rendered":"Hiszpa\u0144ska sa\u0142atka z jamon serrano i roladki z koziego sera z sezamem pra\u017conym na ma\u015ble"},"content":{"rendered":"<p><span style=\"color: #14c3a2;\"><strong>By\u0142o s\u0142odko, czas na sa\u0142atk\u0119&#8230;<\/strong><\/span><\/p>\n<p><a href=\"http:\/\/teatrgotowania.xaa.pl\/wp-content\/uploads\/2016\/11\/img1486qp.jpg\"><img fetchpriority=\"high\" decoding=\"async\" class=\"aligncenter wp-image-1217\" src=\"http:\/\/teatrgotowania.xaa.pl\/wp-content\/uploads\/2016\/11\/img1486qp.jpg\" alt=\"img1486qp\" width=\"950\" height=\"1422\" srcset=\"http:\/\/teatrgotowania.pl\/wp-content\/uploads\/2016\/11\/img1486qp.jpg 590w, http:\/\/teatrgotowania.pl\/wp-content\/uploads\/2016\/11\/img1486qp-200x300.jpg 200w\" sizes=\"(max-width: 950px) 100vw, 950px\" \/><\/a><\/p>\n<p style=\"text-align: justify;\">Sa\u0142atk\u0119 robi\u0142am ju\u017c wielokrotnie i cz\u0119sto do niej wracam. Mo\u017ce to kwestia sezamu pra\u017conego na ma\u015ble? Przepis na ni\u0105 dosta\u0142am od Izy Kudlik. Iza od jakiego\u015b czasu prowadzi sw\u00f3j w\u0142asny blog &#8211; nazywa si\u0119 <a href=\"http:\/\/winodokolacji.blox.pl\/2012\/04\/Hiszpanska-salatka-z-jamon-serrano-i-roladki-z.html\">wino do kolacji<\/a>, kt\u00f3ry Wam oczywi\u015bcie polecam.<\/p>\n<p style=\"text-align: justify;\"><a href=\"http:\/\/teatrgotowania.xaa.pl\/wp-content\/uploads\/2016\/11\/img1491v.jpg\"><img decoding=\"async\" class=\"aligncenter wp-image-1219\" src=\"http:\/\/teatrgotowania.xaa.pl\/wp-content\/uploads\/2016\/11\/img1491v.jpg\" alt=\"img1491v\" width=\"950\" height=\"1422\" srcset=\"http:\/\/teatrgotowania.pl\/wp-content\/uploads\/2016\/11\/img1491v.jpg 590w, http:\/\/teatrgotowania.pl\/wp-content\/uploads\/2016\/11\/img1491v-200x300.jpg 200w\" sizes=\"(max-width: 950px) 100vw, 950px\" \/><\/a><\/p>\n<p style=\"text-align: center;\"><span style=\"color: #14c3a2; text-decoration: underline;\"><strong>Hiszpa\u0144ska sa\u0142atka z jamon serrano i roladki z koziego sera z sezamem pra\u017conym na ma\u015ble<\/strong><\/span><\/p>\n<p style=\"text-align: center;\">sk\u0142adniki na 2 osoby<strong><br \/>\n<\/strong><\/p>\n<p style=\"text-align: center;\">gar\u015b\u0107 rukoli<\/p>\n<p style=\"text-align: center;\">czerwona cebula<\/p>\n<p style=\"text-align: center;\">pomidorki koktajlowe<\/p>\n<p style=\"text-align: center;\">kilka plasterk\u00f3w szynki jamon serrano<\/p>\n<p style=\"text-align: center;\">ser kozi typu brie<\/p>\n<p style=\"text-align: center;\">oko\u0142o 25g mas\u0142a<\/p>\n<p style=\"text-align: center;\">ziarna sezamu, s\u00f3l i pieprz<\/p>\n<p style=\"text-align: center;\"><a href=\"http:\/\/teatrgotowania.xaa.pl\/wp-content\/uploads\/2016\/11\/img1489iw.jpg\"><img decoding=\"async\" class=\"aligncenter wp-image-1218\" src=\"http:\/\/teatrgotowania.xaa.pl\/wp-content\/uploads\/2016\/11\/img1489iw.jpg\" alt=\"img1489iw\" width=\"950\" height=\"1264\" srcset=\"http:\/\/teatrgotowania.pl\/wp-content\/uploads\/2016\/11\/img1489iw.jpg 590w, http:\/\/teatrgotowania.pl\/wp-content\/uploads\/2016\/11\/img1489iw-225x300.jpg 225w\" sizes=\"(max-width: 950px) 100vw, 950px\" \/><\/a><\/p>\n<p style=\"text-align: justify;\">Dla ka\u017cdej osoby przygotowa\u0107 osobny talerz. Na nim uk\u0142adamy umyt\u0105 rukol\u0119 (ja nie mia\u0142am rukoli&#8230;). Po\u0142o\u017cy\u0107 kawa\u0142ki pomidor\u00f3w i cebuli. U\u0142o\u017cy\u0107 zawini\u0119te plastry szynki. Na wierzchu uk\u0142adamy kr\u0105\u017cek koziego sera. Ca\u0142o\u015b\u0107 polewamy mas\u0142em zrumienionym razem z ziarnami sezamu. Opr\u00f3szamy pieprzem.<\/p>\n","protected":false},"excerpt":{"rendered":"<p>By\u0142o s\u0142odko, czas na sa\u0142atk\u0119&#8230; Sa\u0142atk\u0119 robi\u0142am ju\u017c wielokrotnie i cz\u0119sto do niej wracam. Mo\u017ce to kwestia sezamu pra\u017conego na ma\u015ble? Przepis na ni\u0105 dosta\u0142am od Izy Kudlik. Iza od jakiego\u015b czasu prowadzi sw\u00f3j w\u0142asny blog &#8211; nazywa si\u0119 wino do kolacji, kt\u00f3ry Wam oczywi\u015bcie polecam. Hiszpa\u0144ska sa\u0142atka z jamon [&hellip;]<\/p>\n","protected":false},"author":1,"featured_media":1217,"comment_status":"open","ping_status":"open","sticky":false,"template":"","format":"standard","meta":{"footnotes":"","_elementor_edit_mode":"","_elementor_template_type":"","_elementor_data":"","_elementor_page_settings":null},"categories":[3],"tags":[52],"class_list":["post-1216","post","type-post","status-publish","format-standard","has-post-thumbnail","hentry","category-przepisy","tag-salatka"],"_links":{"self":[{"href":"http:\/\/teatrgotowania.pl\/index.php?rest_route=\/wp\/v2\/posts\/1216","targetHints":{"allow":["GET"]}}],"collection":[{"href":"http:\/\/teatrgotowania.pl\/index.php?rest_route=\/wp\/v2\/posts"}],"about":[{"href":"http:\/\/teatrgotowania.pl\/index.php?rest_route=\/wp\/v2\/types\/post"}],"author":[{"embeddable":true,"href":"http:\/\/teatrgotowania.pl\/index.php?rest_route=\/wp\/v2\/users\/1"}],"replies":[{"embeddable":true,"href":"http:\/\/teatrgotowania.pl\/index.php?rest_route=%2Fwp%2Fv2%2Fcomments&post=1216"}],"version-history":[{"count":1,"href":"http:\/\/teatrgotowania.pl\/index.php?rest_route=\/wp\/v2\/posts\/1216\/revisions"}],"predecessor-version":[{"id":1220,"href":"http:\/\/teatrgotowania.pl\/index.php?rest_route=\/wp\/v2\/posts\/1216\/revisions\/1220"}],"wp:featuredmedia":[{"embeddable":true,"href":"http:\/\/teatrgotowania.pl\/index.php?rest_route=\/wp\/v2\/media\/1217"}],"wp:attachment":[{"href":"http:\/\/teatrgotowania.pl\/index.php?rest_route=%2Fwp%2Fv2%2Fmedia&parent=1216"}],"wp:term":[{"taxonomy":"category","embeddable":true,"href":"http:\/\/teatrgotowania.pl\/index.php?rest_route=%2Fwp%2Fv2%2Fcategories&post=1216"},{"taxonomy":"post_tag","embeddable":true,"href":"http:\/\/teatrgotowania.pl\/index.php?rest_route=%2Fwp%2Fv2%2Ftags&post=1216"}],"curies":[{"name":"wp","href":"https:\/\/api.w.org\/{rel}","templated":true}]}}